{"id":7897,"date":"2017-03-02T07:46:04","date_gmt":"2017-03-02T06:46:04","guid":{"rendered":"http:\/\/fotosnet.de\/?p=7897"},"modified":"2017-03-03T17:50:09","modified_gmt":"2017-03-03T16:50:09","slug":"katze-momentaufnahme","status":"publish","type":"post","link":"https:\/\/fotosnet.de\/?p=7897","title":{"rendered":"Katze Momentaufnahme"},"content":{"rendered":"<p><a href=\"http:\/\/fotosnet.de\/wp-content\/uploads\/2017\/03\/final.jpg\"><img loading=\"lazy\" decoding=\"async\" class=\"aligncenter size-full wp-image-7898\" src=\"http:\/\/fotosnet.de\/wp-content\/uploads\/2017\/03\/final.jpg\" alt=\"\" width=\"965\" height=\"692\" srcset=\"https:\/\/fotosnet.de\/wp-content\/uploads\/2017\/03\/final.jpg 965w, https:\/\/fotosnet.de\/wp-content\/uploads\/2017\/03\/final-300x215.jpg 300w\" sizes=\"auto, (max-width: 965px) 100vw, 965px\" \/><\/a><\/p>\n<p>Ein Momentaufnahme. Es ist nicht wie man vermuten w\u00fcrde, sie hat lediglich geg\u00e4hnt. Ein Abk\u00f6mmling von Graf Dracula.<\/p>\n<p><a href=\"http:\/\/fotosnet.de\/wp-content\/uploads\/2017\/03\/final-1.jpg\"><img loading=\"lazy\" decoding=\"async\" class=\"aligncenter size-large wp-image-7899\" src=\"http:\/\/fotosnet.de\/wp-content\/uploads\/2017\/03\/final-1.jpg\" alt=\"\" width=\"1032\" height=\"720\" srcset=\"https:\/\/fotosnet.de\/wp-content\/uploads\/2017\/03\/final-1.jpg 1032w, https:\/\/fotosnet.de\/wp-content\/uploads\/2017\/03\/final-1-300x209.jpg 300w\" sizes=\"auto, (max-width: 1032px) 100vw, 1032px\" \/><\/a><\/p>\n<p><a href=\"http:\/\/fotosnet.de\/wp-content\/uploads\/2017\/03\/final-4.jpg\"><img loading=\"lazy\" decoding=\"async\" src=\"http:\/\/fotosnet.de\/wp-content\/uploads\/2017\/03\/final-4.jpg\" alt=\"\" width=\"1056\" height=\"708\" class=\"aligncenter size-full wp-image-7911\" srcset=\"https:\/\/fotosnet.de\/wp-content\/uploads\/2017\/03\/final-4.jpg 1056w, https:\/\/fotosnet.de\/wp-content\/uploads\/2017\/03\/final-4-300x201.jpg 300w\" sizes=\"auto, (max-width: 1056px) 100vw, 1056px\" \/><\/a><\/p>\n<p><a href=\"http:\/\/fotosnet.de\/wp-content\/uploads\/2017\/03\/final-5.jpg\"><img loading=\"lazy\" decoding=\"async\" src=\"http:\/\/fotosnet.de\/wp-content\/uploads\/2017\/03\/final-5.jpg\" alt=\"\" width=\"1056\" height=\"708\" class=\"aligncenter size-large wp-image-7913\" srcset=\"https:\/\/fotosnet.de\/wp-content\/uploads\/2017\/03\/final-5.jpg 1056w, https:\/\/fotosnet.de\/wp-content\/uploads\/2017\/03\/final-5-300x201.jpg 300w\" sizes=\"auto, (max-width: 1056px) 100vw, 1056px\" \/><\/a><\/p>\n","protected":false},"excerpt":{"rendered":"<p>Ein Momentaufnahme. Es ist nicht wie man vermuten w\u00fcrde, sie hat lediglich geg\u00e4hnt. Ein Abk\u00f6mmling&#46;&#46;&#46;<\/p>\n","protected":false},"author":1,"featured_media":7898,"comment_status":"closed","ping_status":"closed","sticky":false,"template":"","format":"standard","meta":{"footnotes":""},"categories":[1,25],"tags":[],"class_list":["post-7897","post","type-post","status-publish","format-standard","has-post-thumbnail","hentry","category-dailydosefoto","category-subblog"],"_links":{"self":[{"href":"https:\/\/fotosnet.de\/index.php?rest_route=\/wp\/v2\/posts\/7897","targetHints":{"allow":["GET"]}}],"collection":[{"href":"https:\/\/fotosnet.de\/index.php?rest_route=\/wp\/v2\/posts"}],"about":[{"href":"https:\/\/fotosnet.de\/index.php?rest_route=\/wp\/v2\/types\/post"}],"author":[{"embeddable":true,"href":"https:\/\/fotosnet.de\/index.php?rest_route=\/wp\/v2\/users\/1"}],"replies":[{"embeddable":true,"href":"https:\/\/fotosnet.de\/index.php?rest_route=%2Fwp%2Fv2%2Fcomments&post=7897"}],"version-history":[{"count":5,"href":"https:\/\/fotosnet.de\/index.php?rest_route=\/wp\/v2\/posts\/7897\/revisions"}],"predecessor-version":[{"id":7914,"href":"https:\/\/fotosnet.de\/index.php?rest_route=\/wp\/v2\/posts\/7897\/revisions\/7914"}],"wp:featuredmedia":[{"embeddable":true,"href":"https:\/\/fotosnet.de\/index.php?rest_route=\/wp\/v2\/media\/7898"}],"wp:attachment":[{"href":"https:\/\/fotosnet.de\/index.php?rest_route=%2Fwp%2Fv2%2Fmedia&parent=7897"}],"wp:term":[{"taxonomy":"category","embeddable":true,"href":"https:\/\/fotosnet.de\/index.php?rest_route=%2Fwp%2Fv2%2Fcategories&post=7897"},{"taxonomy":"post_tag","embeddable":true,"href":"https:\/\/fotosnet.de\/index.php?rest_route=%2Fwp%2Fv2%2Ftags&post=7897"}],"curies":[{"name":"wp","href":"https:\/\/api.w.org\/{rel}","templated":true}]}}