{"id":2741,"date":"2015-01-12T06:35:32","date_gmt":"2015-01-12T06:35:32","guid":{"rendered":"http:\/\/fotosnet.de\/?p=2741"},"modified":"2015-05-25T10:21:32","modified_gmt":"2015-05-25T10:21:32","slug":"duesseldorf-mittendrin","status":"publish","type":"post","link":"https:\/\/fotosnet.de\/?p=2741","title":{"rendered":"D\u00fcsseldorf mittendrin"},"content":{"rendered":"<p><a href=\"http:\/\/fotosnet.de\/wp-content\/uploads\/2015\/01\/image20.jpg\"><img loading=\"lazy\" decoding=\"async\" src=\"http:\/\/fotosnet.de\/wp-content\/uploads\/2015\/01\/image20.jpg\" alt=\"image\" width=\"1166\" height=\"1656\" class=\"aligncenter size-full wp-image-2728\" srcset=\"https:\/\/fotosnet.de\/wp-content\/uploads\/2015\/01\/image20.jpg 1166w, https:\/\/fotosnet.de\/wp-content\/uploads\/2015\/01\/image20-211x300.jpg 211w, https:\/\/fotosnet.de\/wp-content\/uploads\/2015\/01\/image20-721x1024.jpg 721w\" sizes=\"auto, (max-width: 1166px) 100vw, 1166px\" \/><\/a><\/p>\n<p>Das Gap15 auf der Graf Adolf Stra\u00dfe in einem anderen Licht<\/p>\n<p><a href=\"http:\/\/fotosnet.de\/wp-content\/uploads\/2015\/01\/image19.jpg\"><img loading=\"lazy\" decoding=\"async\" src=\"http:\/\/fotosnet.de\/wp-content\/uploads\/2015\/01\/image19.jpg\" alt=\"image\" width=\"1920\" height=\"1140\" class=\"aligncenter size-full wp-image-2727\" srcset=\"https:\/\/fotosnet.de\/wp-content\/uploads\/2015\/01\/image19.jpg 1920w, https:\/\/fotosnet.de\/wp-content\/uploads\/2015\/01\/image19-300x178.jpg 300w, https:\/\/fotosnet.de\/wp-content\/uploads\/2015\/01\/image19-1024x608.jpg 1024w\" sizes=\"auto, (max-width: 1920px) 100vw, 1920px\" \/><\/a><br \/>\nDie neu gestaltete Fl\u00e4che und die Liebeskind H\u00e4user am K\u00f6-Bogen.<\/p>\n","protected":false},"excerpt":{"rendered":"<p>Das Gap15 auf der Graf Adolf Stra\u00dfe in einem anderen Licht Die neu gestaltete Fl\u00e4che&#46;&#46;&#46;<\/p>\n","protected":false},"author":1,"featured_media":2727,"comment_status":"open","ping_status":"open","sticky":false,"template":"","format":"standard","meta":{"footnotes":""},"categories":[1,12],"tags":[],"class_list":["post-2741","post","type-post","status-publish","format-standard","has-post-thumbnail","hentry","category-dailydosefoto","category-duesseldorf"],"_links":{"self":[{"href":"https:\/\/fotosnet.de\/index.php?rest_route=\/wp\/v2\/posts\/2741","targetHints":{"allow":["GET"]}}],"collection":[{"href":"https:\/\/fotosnet.de\/index.php?rest_route=\/wp\/v2\/posts"}],"about":[{"href":"https:\/\/fotosnet.de\/index.php?rest_route=\/wp\/v2\/types\/post"}],"author":[{"embeddable":true,"href":"https:\/\/fotosnet.de\/index.php?rest_route=\/wp\/v2\/users\/1"}],"replies":[{"embeddable":true,"href":"https:\/\/fotosnet.de\/index.php?rest_route=%2Fwp%2Fv2%2Fcomments&post=2741"}],"version-history":[{"count":1,"href":"https:\/\/fotosnet.de\/index.php?rest_route=\/wp\/v2\/posts\/2741\/revisions"}],"predecessor-version":[{"id":2742,"href":"https:\/\/fotosnet.de\/index.php?rest_route=\/wp\/v2\/posts\/2741\/revisions\/2742"}],"wp:featuredmedia":[{"embeddable":true,"href":"https:\/\/fotosnet.de\/index.php?rest_route=\/wp\/v2\/media\/2727"}],"wp:attachment":[{"href":"https:\/\/fotosnet.de\/index.php?rest_route=%2Fwp%2Fv2%2Fmedia&parent=2741"}],"wp:term":[{"taxonomy":"category","embeddable":true,"href":"https:\/\/fotosnet.de\/index.php?rest_route=%2Fwp%2Fv2%2Fcategories&post=2741"},{"taxonomy":"post_tag","embeddable":true,"href":"https:\/\/fotosnet.de\/index.php?rest_route=%2Fwp%2Fv2%2Ftags&post=2741"}],"curies":[{"name":"wp","href":"https:\/\/api.w.org\/{rel}","templated":true}]}}